{"id":343,"date":"2019-03-26T16:22:00","date_gmt":"2019-03-26T16:22:00","guid":{"rendered":"http:\/\/bieler-akademie.de\/?p=343"},"modified":"2020-03-26T16:31:24","modified_gmt":"2020-03-26T16:31:24","slug":"erfolge-unserer-schueler","status":"publish","type":"post","link":"https:\/\/bieler-akademie.de\/?p=343","title":{"rendered":"Erfolge unserer Sch\u00fcler 2014-2018"},"content":{"rendered":"\n[et_pb_section fb_built=&#8220;1&#8243; _builder_version=&#8220;4.4.1&#8243;][et_pb_row _builder_version=&#8220;4.4.1&#8243; hover_enabled=&#8220;0&#8243;][et_pb_column _builder_version=&#8220;4.4.1&#8243; type=&#8220;4_4&#8243;][et_pb_text _builder_version=&#8220;4.4.1&#8243; hover_enabled=&#8220;0&#8243; header_2_font=&#8220;|700|||||||&#8220; header_3_font=&#8220;|600|||||||&#8220; header_4_font=&#8220;|600|||||||&#8220;]<h2>2018<\/h2>\n<p>Maria Lauer, Violine<\/p>\n<p>Aufnahmepr\u00fcfung Musikhochschule Karlsruhe bestanden<\/p>\n<p>Moritz Gottstein, Violine<\/p>\n<p>Aufnahmepr\u00fcfung RSH D\u00fcsseldorf als Jungstudent bestanden.<\/p>\n<p>&nbsp;<\/p>\n<h3>Jugend Musiziert 2018<\/h3>\n<h4>Regionalwettbewerb:<\/h4>\n<p>Duo Klavier\/Streichinstrument<\/p>\n<p>Benjamin Klees (Cello, AG I): 23 Pkte, 1. Preis<\/p>\n<p>Zoe Buschjost (Violine, AG II): 23 Pkte, 1. Preis<\/p>\n<p>Moritz Gottstein (Violine, AG IV): 23 Pkte, 1. Preis<\/p>\n<p>Melina Klees (Violine, AG V): 25 Pkte, 1. Preis<\/p>\n<p>Besondere Besetzung<\/p>\n<p>Tabea Klees (Klavier, AG IV): 25 Pkte, 1. Preis<\/p>\n<p>Simon Klees (Bratsche, AG IV): 25 Pkte, 1. Preis<\/p>\n<p>&nbsp;<\/p>\n<h4>Landeswettbewerb NRW:<\/h4>\n<p>Duo Klavier\/Streichinstrument<\/p>\n<p>Zoe Buschjost (Violine, AG II): 24 Pkte, 1. Preis<\/p>\n<p>Moritz Gottstein (Violine, AG IV): 21 Pkte, 2. Preis<\/p>\n<p>Melina Klees (Violine, AG V): 24 Pkte, 1. Preis<\/p>\n<p>Besondere Besetzung<\/p>\n<p>Simon Klees (Bratsche, AG IV): 24 Pkte, 1. Preis<\/p>\n<p>Tabea Klees (Klavier, AG IV): 24 Pkte, 1. Preis<\/p>\n<p>&nbsp;<\/p>\n<h4>Bundeswettbewerb:<\/h4>\n<p>Duo Klavier\/Streichinstrument<\/p>\n<p>Melina Klees (Violine, AG V): 19 Pkte<\/p>\n<p>Besondere Besetzung<\/p>\n<p>Simon Klees (Bratsche, AG IV): 24 Pkte, 1. Preis + Sonderpreis<\/p>\n<p>Tabea Klees (Klavier, AG IV): 24 Pkte, 1. Preis + Sonderpreis<\/p>\n<p>&nbsp;<\/p>\n<h2>2017<\/h2>\n<h3>Jugend Musiziert 2017<\/h3>\n<p>&nbsp;<\/p>\n<h4>Regionalwettbewerb:<\/h4>\n<p>Ann-Sophie Kunz\/Franziska Moser (Violinduo, AG Ib): 22 Pkt, 1. Preis<\/p>\n<p>Bella Dubrovina (Violinduo, AG II): 25 Pkt, 1. Preis<\/p>\n<p>Ayano Shevlin\/Anna Hauser (Violinduo, AG III): 25 Pkt, 1. Preis<\/p>\n<p>Melina\/Simon\/Tabea Klees (Streichtrio, AG IV): 25 Pkt, 1. Preis<\/p>\n<p>&nbsp;<\/p>\n<h4>Landeswettbewerb NRW:<\/h4>\n<p>Bella Dubrovina (Violinduo, AG II): 23 Pkt, 1.Preis<\/p>\n<p>Ayano Shevlin\/Anna Hauser (Violinduo, AG III): 23 Pkt, 1.Preis (BW)<\/p>\n<p>Melina\/Simon\/Tabea Klees (Streichtrio, AG IV): 24 Pkt, 1. Preis (BW)<\/p>\n<p>&nbsp;<\/p>\n<h4>Bundeswettbewerb:<\/h4>\n<p>Ayano Shevlin\/Anna Hauser (Violinduo, AG III): 20 Pkt, 3. Preis<\/p>\n<p>Melina\/Simon\/Tabea Klees (Streichtrio, AG IV): 19 Pkt.<\/p>\n<p>&nbsp;<\/p>\n<h3>Tonk\u00fcnstler Wettbewerb 2017<\/h3>\n<h4>Violine<\/h4>\n<p>Amanda Teubner 21,7\/25 Punkte<\/p>\n<p>Mei Mei Polfers 24,1\/25 Punkte<\/p>\n<p>Jesse Herzog 22,7\/25 Punkte<\/p>\n<p>Nelson Herzog 24,4\/25 Punkte<\/p>\n<p>&nbsp;<\/p>\n<h4>Viola<\/h4>\n<p>Simon Klees 24,3\/25 Punkte<\/p>\n<p>&nbsp;<\/p>\n<h4>Klavierbegleitung<\/h4>\n<p>Tabea Klees 24,4\/25 Punkte<\/p>\n<p>&nbsp;<\/p>\n<p>&nbsp;<\/p>\n<h2>2016<\/h2>\n<h3>Wettbewerb des Deutschen Tonk\u00fcnstler Verbands K\u00f6ln\/Aachen 2016<\/h3>\n<h4>Violine solo:<\/h4>\n<p>Jesse Herzog, AG Ia: 24,3 Pkte<\/p>\n<p>Franziska Moser, AG Ib: 21,5 Pkte<\/p>\n<p>Ann-Sophie Kunz, AG Ib: 21,8 Pkte<\/p>\n<p>Nelson Herzog, AG Ib: 24,1 Pkte<\/p>\n<p>Zoe Buschjost, AG II: 25 Pkte<\/p>\n<p>&nbsp;<\/p>\n<h3>Internationaler Grumiaux Wettbewerb Belgien<\/h3>\n<p>Bella Dubrovina, 3. Preis<\/p>\n<h3><\/h3>\n<h3>Landesjugendorchester NRW<\/h3>\n<p>Simon Klees, Viola. Probespiel gewonnen.<\/p>\n<h3><\/h3>\n<h3>Bundesjugendorchester<\/h3>\n<p>Melina Klees, Violine. Probespiel gewonnen.<\/p>\n<h3><\/h3>\n<h3>Folkwang Universit\u00e4t (Musikhochschule Essen)<\/h3>\n<p>Louisa Hadem, Violine. Aufnamepr\u00fcfung bestanden.<\/p>\n<p>&nbsp;<\/p>\n<h3>Jugend musiziert 2016<\/h3>\n<h4>Regionalwettbewerb<\/h4>\n<p><strong>Violine Solo<\/strong><\/p>\n<p>Jesse Herzog, AG Ia, 24 Pkt., 1. Preis<\/p>\n<p>Miraslawa Deodati, AG Ia, 25 Pkt., 1. Preis<\/p>\n<p>Zoe Buschjost, AG Ib, 25 Pkt., 1. Preis<\/p>\n<p>Nelson Herzog, AG Ib, 22 Pkt., 1. Preis<\/p>\n<p>Bella Dubrowina, AG II, 25 Pkt., 1. Preis! (LW)<\/p>\n<p>Anna-Theresia Hauser, AG III, 25 Pkt., 1. Preis! (LW)<\/p>\n<p>Moritz Gottstein, AG III, 23 Pkt., 1. Preis! (LW)<\/p>\n<p>Nancy Farouk, AG IV, 20 Pkt., 2. Preis<\/p>\n<p>Melina Klees, AG IV, 23 Pkt., 1. Preis! (LW)<\/p>\n<p>Maria Lauer, AG IV, 24 Pkt., 1. Preis! (LW)<\/p>\n<p><strong>Klavierbegleitung<\/strong><\/p>\n<p>Tabea Klees, AG V, 25 Pkt., 1. Preis! (LW)<\/p>\n<p>Tabea Klees, AG V, 25 Pkt., 1. Preis! (LW)<\/p>\n<h4><\/h4>\n<h4><\/h4>\n<h4>Landeswettbewerb NRW<\/h4>\n<p><strong>Violine solo<\/strong><\/p>\n<p>Bella Dubrovina, AG II 1. Preis<\/p>\n<p>Anna Theresia Hauser, AG III 2. Preis<\/p>\n<p>Moritz Gottstein, AG III 3. Preis<\/p>\n<p>Melina Klees, AG IV 2. Preis<\/p>\n<p>Maria Lauer, AG IV 1. Preis (BW)<\/p>\n<p><strong><\/strong><\/p>\n<p><strong>Klavierbegleitung<\/strong><\/p>\n<p>Tabea Klees, AG V 1. Preis<\/p>\n<p>Tabea Klees, AG V 1. Preis<\/p>\n<p>&nbsp;<\/p>\n<h4>Bundeswettbewerb<\/h4>\n<p>Violine solo<\/p>\n<p>Maria Lauer, AG IV 19 p<\/p>\n<p>Klavierbegleitung<\/p>\n<p>Tabea Klees, AG V 1. Preis (25p)<\/p>\n<p>&nbsp;<\/p>\n<h2>2015<\/h2>\n<h3>Wettbewerb des Deutschen Tonk\u00fcnstler Vereins (DTKV) K\u00f6ln\/Aachen 2015<\/h3>\n<p>Ergebnisse:<\/p>\n<p>Jesse Herzog (Violine, Ia): 24,5<\/p>\n<p>Miraslawa Deodati (Violine, Ia): 22,3<\/p>\n<p>Lina Erberich (Violine, Ib): 20<\/p>\n<p>&nbsp;<\/p>\n<h3>JUGEND MUSIZIERT 2015<\/h3>\n<h4>Regionalwettbewerb<\/h4>\n<p>Duo Klavier\/Streichinstrument\u00a0<\/p>\n<p>AG II<\/p>\n<p>Simon Klees, Vla, 1.Preis<\/p>\n<p>Anna Hauser, Vl, 1.Preis<\/p>\n<p>Noemi Rosenthal, Vl, 1. Preis<\/p>\n<p>&nbsp;<\/p>\n<p>AG III<\/p>\n<p>Ayano Shevlin, Vl, 1.Preis<\/p>\n<p>&nbsp;<\/p>\n<p>AG IV<\/p>\n<p>Melina Klees, Vl, 1. Preis<\/p>\n<p>Ole Bechheim, Klavier, 1. Preis<\/p>\n<p>&nbsp;<\/p>\n<p>Kunstlied mit Klavier<\/p>\n<p>AG IV<\/p>\n<p>Tabea Klees, Klavier, 1. Preis<\/p>\n<p>&nbsp;<\/p>\n<p>&nbsp;<\/p>\n<h4>Landeswettbewerb NRW<\/h4>\n<p>Duo Klavier\/Streichinstrument<\/p>\n<p>AG II<\/p>\n<p>Simon Klees, Vla, 3.Preis<\/p>\n<p>Anna Hauser, Vl, 1.Preis<\/p>\n<p>Noemi Rosenthal, Vl, 1. Preis<\/p>\n<p>&nbsp;<\/p>\n<p>AG III<\/p>\n<p>Ayano Shevlin, Vl, 3.Preis<\/p>\n<p>&nbsp;<\/p>\n<p>AG IV<\/p>\n<p>Melina Klees, Vl, 1. Preis<\/p>\n<p>Ole Bechheim, Klavier, 1. Preis<\/p>\n<p>&nbsp;<\/p>\n<p>Kunstlied mit Klavier<\/p>\n<p>AG IV<\/p>\n<p>Tabea Klees, Klavier, 1. Preis<\/p>\n<p>&nbsp;<\/p>\n<h4>Bundeswettbewerb<\/h4>\n<p>Kunstlied mit Klavier<\/p>\n<p>AG IV<\/p>\n<p>Tabea Klees, Klavier, 2. Preis<\/p>\n<p>Duo Klavier\/Streichinstrument<\/p>\n<p>AG IV<\/p>\n<p>Melina Klees,Vl, Ole Bechheim, Kl, 3 Preis<\/p>\n<p>_________________________________<\/p>\n<p>Benni Landmann, Violine<\/p>\n<p>Angenommen Musikhochschule K\u00f6ln, Jazz<\/p>\n<p>Jonathan Hennig,Violine<\/p>\n<p>Angenommen Musikhochschule K\u00f6ln, Schulmusik<\/p>\n<p>&nbsp;<\/p>\n<h2>2014<\/h2>\n<h3>Wettbewerb des Deutschen Tonk\u00fcnstlerverbands (DTKV) K\u00f6ln\/Aachen 2014<\/h3>\n<p>Ergebnisse:<\/p>\n<ol>\n<li>Herzog (Violine, Ia): 24,1<\/li>\n<li>Buschjost (Violine, Ib): 24,2<\/li>\n<li>Edelmann (Violine, III): 20,3<\/li>\n<li>Farouk (Violine, III): 21,8<\/li>\n<li>Wonschik (Violine, III): 19,8<\/li>\n<li>Kostovic (Violine, V): 23,7<\/li>\n<\/ol>\n<p>&nbsp;<\/p>\n<h3>Landesjugendorchester NRW:<\/h3>\n<p>Tabea Klees, Cello<\/p>\n<p>Jonathan Hennig, Violine<\/p>\n<h3>Stipendium f\u00fcr Eastern Music Festival, NC, USA<\/h3>\n<p>Johanna Busse, Violine<\/p>\n<h3>Aufnahme University of North Carolina (www.uncsa.edu), Klasse Prof. Bieler<\/h3>\n<h3>Landesjugendorchester NRW:<\/h3>\n<p>Aurelie Landmann 1. Violine<\/p>\n<p>&nbsp;<\/p>\n<h3>Jugend Musiziert 2014<\/h3>\n<h4>Regionalwettbewerb<\/h4>\n<p>Altersgruppe II<\/p>\n<p>Streicherensemble: Melina Klees, Violine, Simon Klees, Viola, Fabienne Thiel, Cello 1.Preis (mit Weiterl.)<\/p>\n<p>Altersgruppe IV<\/p>\n<p>Neue Musik: Tabea Klees, Klavier, Alissa Giani, Violine 1. Preis (mit Weiterl.)<\/p>\n<h4>Landeswettbewerb:<\/h4>\n<p>Altersgruppe II<\/p>\n<p>Streicherensemble: Melina Klees, Violine, Simon Klees, Viola, Fabienne Thiel, Cello\u00a0 2.Preis<\/p>\n<p>Altersgruppe IV<\/p>\n<p>Neue Musik: Tabea Klees, Klavier, Alissa Giani, Violine 1. Preis (mit Weiterl.)<\/p>\n<p>&nbsp;<\/p>\n<h4>Bundeswettbewerb<\/h4>\n<p>Altersgruppe IV<\/p>\n<p>Neue Musik: Tabea Klees, Klavier, Alissa Giani, Violine 19 Punkte<\/p>\n<p>&nbsp;<\/p>\n<p>_____________________________________<\/p>\n<h3>Landesjugendorchester NRW:<\/h3>\n<p>Ana Kostovic, Violine<\/p>\n<h3>Austauschjahr an der University of North Carolina, Klasse: Prof. Bieler:<\/h3>\n<p>Aurelie Landmann, Violine<\/p>\n<p>&nbsp;<\/p>\n<h2>2013<\/h2>\n<h3>Ergebnisse des DTKV-Wettbewerbs 2013 (Wettbewerb des Deutschen Tonk\u00fcnstlerverbandes):<\/h3>\n<p>Noemi Rosenthal 23,7 \/25<\/p>\n<p>Ana Kostovic 22,7 \/25<\/p>\n<p>Melina Klees 24,6 \/25<\/p>\n<p>Jugend Musiziert 2013<\/p>\n<p>Regionalwettbewerb<\/p>\n<p>Altersgruppe I<\/p>\n<p>Kategorie Violine solo:<\/p>\n<p>Noemi Rosenthal, 1. Preis<\/p>\n<p>Kategorie Viola solo:<\/p>\n<p>Simon Klees, 1. Preis<\/p>\n<p>Altersgruppe II<\/p>\n<p>Kategorie Violine solo:<\/p>\n<p>Melina Klees, 1. Preis (mit Weiterleitung)<\/p>\n<p>Nancy Farouk, 1. Preis<\/p>\n<p>Jasmin Edelman, 1. Preis<\/p>\n<p>Altersgruppe III<\/p>\n<p>Kategorie Violine solo &amp; Alte Musik:<\/p>\n<p>Johanna Bleyer, 1. Preis (mit Weiterleitung)<\/p>\n<p>Kategorie Violine solo:<\/p>\n<p>Aurelie Landmann, 1. Preis (mit Weiterleitung)<\/p>\n<p>Altersgruppe IV<\/p>\n<p>Kategorie Violine solo:<\/p>\n<p>Sina Gottschlich, 1. Preis (mit Weiterleitung)<\/p>\n<p>Ana Kostovic, 1. Preis<\/p>\n<p>Leona Cuni, 2. Preis<\/p>\n<p>Kategorie Violine solo &amp; Kammermusik:<\/p>\n<p>Jonathan Hennig, 1. Preis (mit Weiterleitung)<\/p>\n<p>Landeswettbewerb NRW<\/p>\n<p>Altersgruppe II<\/p>\n<p>Kategorie Violine solo: Melina Klees, 2. Preis<\/p>\n<p>Begleitung: Tabea Klees, 2. Preis<\/p>\n<p>Altersgruppe III<\/p>\n<p>Kategorie Violine solo:<\/p>\n<p>Johanna Bleyer, 2. Preis<\/p>\n<p>Aurelie Landmann, 2. Preis<\/p>\n<p>&nbsp;<\/p>\n<p>Kategorie Alte Musik:<\/p>\n<p>Tabea Klees, 1. Preis (Weiterleitung zum Bundeswettbewerb)<\/p>\n<p>Altersgruppe IV<\/p>\n<p>Kategorie Violine solo:<\/p>\n<p>Sina Gottschlich, 1. Preis (Weiterleitung zum Bundeswettbewerb)<\/p>\n<p>Jonathan Hennig, 3. Preis &amp; Kammermusik 2. Preis<\/p>\n<p>Bundeswettbewerb<\/p>\n<p>Altersgruppe III<\/p>\n<p>Kategorie Alte Musik (Cembalo):<\/p>\n<p>Tabea Klees,\u00a0 3. Preis<\/p>\n<p>Altersgruppe IV<\/p>\n<p>Kategorie Violine solo:<\/p>\n<p>Sina Gottschlich, 3. Preis<\/p>\n[\/et_pb_text][\/et_pb_column][\/et_pb_row][\/et_pb_section]\n","protected":false},"excerpt":{"rendered":"<p>2018 Maria Lauer, Violine Aufnahmepr\u00fcfung Musikhochschule Karlsruhe bestanden Moritz Gottstein, Violine Aufnahmepr\u00fcfung RSH D\u00fcsseldorf als Jungstudent bestanden. &nbsp; Jugend Musiziert 2018 Regionalwettbewerb: Duo Klavier\/Streichinstrument Benjamin Klees (Cello, AG I): 23 Pkte, 1. Preis Zoe Buschjost (Violine, AG II): 23 Pkte, 1. Preis Moritz Gottstein (Violine, AG IV): 23 Pkte, 1. Preis Melina Klees (Violine, AG [&hellip;]<\/p>\n","protected":false},"author":1,"featured_media":0,"comment_status":"open","ping_status":"open","sticky":false,"template":"","format":"standard","meta":{"_et_pb_use_builder":"on","_et_pb_old_content":"","_et_gb_content_width":"","footnotes":""},"categories":[7],"tags":[],"_links":{"self":[{"href":"https:\/\/bieler-akademie.de\/index.php?rest_route=\/wp\/v2\/posts\/343"}],"collection":[{"href":"https:\/\/bieler-akademie.de\/index.php?rest_route=\/wp\/v2\/posts"}],"about":[{"href":"https:\/\/bieler-akademie.de\/index.php?rest_route=\/wp\/v2\/types\/post"}],"author":[{"embeddable":true,"href":"https:\/\/bieler-akademie.de\/index.php?rest_route=\/wp\/v2\/users\/1"}],"replies":[{"embeddable":true,"href":"https:\/\/bieler-akademie.de\/index.php?rest_route=%2Fwp%2Fv2%2Fcomments&post=343"}],"version-history":[{"count":4,"href":"https:\/\/bieler-akademie.de\/index.php?rest_route=\/wp\/v2\/posts\/343\/revisions"}],"predecessor-version":[{"id":350,"href":"https:\/\/bieler-akademie.de\/index.php?rest_route=\/wp\/v2\/posts\/343\/revisions\/350"}],"wp:attachment":[{"href":"https:\/\/bieler-akademie.de\/index.php?rest_route=%2Fwp%2Fv2%2Fmedia&parent=343"}],"wp:term":[{"taxonomy":"category","embeddable":true,"href":"https:\/\/bieler-akademie.de\/index.php?rest_route=%2Fwp%2Fv2%2Fcategories&post=343"},{"taxonomy":"post_tag","embeddable":true,"href":"https:\/\/bieler-akademie.de\/index.php?rest_route=%2Fwp%2Fv2%2Ftags&post=343"}],"curies":[{"name":"wp","href":"https:\/\/api.w.org\/{rel}","templated":true}]}}